{"id":86194,"date":"2023-03-06T00:00:00","date_gmt":"2023-03-05T23:00:00","guid":{"rendered":"https:\/\/spfr.spschweiz.ch\/blog\/2023\/03\/06\/budget-2023-de-lhfr-le-conseil-detat-doit-enfin-prendre-ses-responsabilites\/"},"modified":"2023-03-06T00:00:00","modified_gmt":"2023-03-05T23:00:00","slug":"budget-2023-de-lhfr-le-conseil-detat-doit-enfin-prendre-ses-responsabilites","status":"publish","type":"post","link":"https:\/\/ps-fr.ch\/de\/blog\/2023\/03\/06\/budget-2023-de-lhfr-le-conseil-detat-doit-enfin-prendre-ses-responsabilites\/","title":{"rendered":"Budget 2023 de l&#8217;HFR: Le Conseil d&#8217;Etat doit enfin prendre ses responsabilit\u00e9s!"},"content":{"rendered":"\t\t<div data-elementor-type=\"wp-post\" data-elementor-id=\"86194\" class=\"elementor elementor-86194\" data-elementor-post-type=\"post\">\n\t\t\t\t\t\t<section class=\"elementor-section elementor-top-section elementor-element elementor-element-642beb044aba8 elementor-section-boxed elementor-section-height-default elementor-section-height-default\" data-id=\"642beb044aba8\" data-element_type=\"section\" data-settings=\"{&quot;jet_parallax_layout_list&quot;:[]}\">\n\t\t\t\t\t\t<div class=\"elementor-container elementor-column-gap-no\">\n\t\t\t\t\t<div class=\"elementor-column elementor-col-100 elementor-top-column elementor-element elementor-element-642beb044abaa\" data-id=\"642beb044abaa\" data-element_type=\"column\">\n\t\t\t<div class=\"elementor-widget-wrap elementor-element-populated\">\n\t\t\t\t\n\t\t<div class=\"elementor-element elementor-element-642beb0431463 elementor-widget elementor-widget-text-editor\" data-id=\"642beb0431463\" data-element_type=\"widget\" data-widget_type=\"text-editor.default\">\n\t\t\t\t<div class=\"elementor-widget-container\">\n\t\t\t\t\t\t\t\t\t<p>La situation financi&egrave;re de l&#8217;HFR met avant tout en lumi&egrave;re le manque de financement chronique de l&#8217;h&ocirc;pital par le Conseil d&#8217;Etat. A de multiples reprises, ce dernier a souhait&eacute; t&eacute;moigner de son engagement vis-&agrave;-vis de l&#8217;HFR, le soutien concret se fait lui toujours attendre. Le PSF est heureux de constater que l&#8217;HFR a fait sa part de travail : sans les co&ucirc;ts li&eacute;s &agrave; l&#8217;inflation, le budget serait proche de l&#8217;&eacute;quilibre. Le PSF attend donc du Conseil d&#8217;Etat qu&#8217;il fasse de m&ecirc;me :<p>&nbsp;<\/p><ul>\t<li>Les surco&ucirc;ts li&eacute;s &agrave; l&rsquo;inflation sont massifs et ne sont pas couverts par les tarifs. Le PSF demande que le Conseil d&rsquo;Etat couvre ces surco&ucirc;ts.<\/li>\t<li>Les prestations d&#8217;int&eacute;r&ecirc;t g&eacute;n&eacute;ral (PIG) stagnent en effet depuis une d&eacute;cennie. Pour le PSF, les PIG doivent couvrir les besoins de la population fribourgeoise, comme le pr&eacute;voit la loi. Ce n&rsquo;est pas le cas maintenant. Elles doivent donc &ecirc;tre revues &agrave; la hausse.<\/li>\t<li>Dans son communiqu&eacute; de presse du jour, le HFR indique &eacute;galement que les cons&eacute;quences financi&egrave;res des patient&middot;e&middot;s qui, faute de lit &agrave; disposition en EMS, restent hospitalis&eacute;&middot;e&middot;s au HFR se chiffrent &agrave; pr&egrave;s de 10 millions de francs pour l&#8217;ann&eacute;e 2022. Cette perte de recettes li&eacute;es au manque de places en EMS doit &eacute;galement &ecirc;tre compens&eacute;e. Une solution serait de recourir &agrave; une participation accrue des collectivit&eacute;s qui n&rsquo;ont pas pr&eacute;vu suffisamment de lits ces derni&egrave;res ann&eacute;es.<\/li><\/ul><p>Surtout, apr&egrave;s une pand&eacute;mie &eacute;reintante et en pleine p&eacute;nurie de personnel soignant, le PSF demande au Conseil d&#8217;Etat de soutenir le personnel hospitalier en le r&eacute;mun&eacute;rant correctement. A ce titre, des augmentations&nbsp;salariales, en ad&eacute;quation avec les fonctions rev&ecirc;tues, sont une n&eacute;cessit&eacute;.<\/p><p>&nbsp;<\/p><blockquote><p><strong>&laquo; Le personnel soignant est vital pour le<br>canton de Fribourg, et son travail doit non<br>seulement &ecirc;tre reconnu, mais aussi r&eacute;mun&eacute;r&eacute;<br>&agrave; sa juste valeur. &raquo;<br>Marie Levrat<br>D&eacute;put&eacute;e<\/strong><\/p><p>&nbsp;<\/p><p><strong>&laquo; Il est temps que le Conseil d&rsquo;Etat concr&eacute;tise<br>enfin son soutien pour un h&ocirc;pital public de<br>qualit&eacute;, notamment en augmentant la<br>r&eacute;mun&eacute;ration des prestations d&rsquo;int&eacute;r&ecirc;t<br>g&eacute;n&eacute;ral. &raquo;<br>Elias Moussa<br>D&eacute;put&eacute;<\/strong><\/p><\/blockquote><\/p>\n\t\t\t\t\t\t\t\t<\/div>\n\t\t\t\t<\/div>\n\t\t\t\t<div class=\"elementor-element elementor-element-642beb044aba3 elementor-widget elementor-widget-spps_button_list\" data-id=\"642beb044aba3\" data-element_type=\"widget\" data-widget_type=\"spps_button_list.default\">\n\t\t\t\t<div class=\"elementor-widget-container\">\n\t\t\t\t\t<div class=\"button-list-wrapper wrapper-spacing-small  \"><div class=\"button-list-container\"><div class=\"button-list-items\"><div class=\"button-list-item\"><div class=\"button-wrapper \"><a href=\"https:\/\/ps-fr.ch\/wp-content\/uploads\/2023\/03\/budget_2023_de_lhfr_le_conseil_detat_doit_enfin_prendre_ses_responsabilites_.pdf\"  target=\"_self\" class=\"button-link button-link-default\" >Communiqu\u00e9 de presse 'Budget 2023 de l'HFR: Le Conseil d'Etat doit enfin prendre ses responsabilit\u00e9s!'<span class=\"button-media-date\">26.04.2026<\/span><\/a><\/div><\/div><\/div><\/div><\/div>\t\t\t\t<\/div>\n\t\t\t\t<\/div>\n\t\t\t\t\t<\/div>\n\t\t<\/div>\n\t\t\t\t\t<\/div>\n\t\t<\/section>\n\t\t\t\t<\/div>\n\t\t","protected":false},"excerpt":{"rendered":"<p>La situation financi\u00e8re de l&#8217;HFR met avant tout en lumi\u00e8re le manque de financement chronique de l&#8217;h\u00f4pital par le Conseil d&#8217;Etat. A de multiples reprises, ce dernier a souhait\u00e9 t\u00e9moigner [&hellip;]<\/p>\n","protected":false},"author":4,"featured_media":0,"comment_status":"closed","ping_status":"closed","sticky":false,"template":"","format":"standard","meta":{"footnotes":""},"categories":[],"tags":[],"cpt-channel":[2747],"class_list":["post-86194","post","type-post","status-publish","format-standard","hentry","cpt-channel-communiques-de-presse"],"_links":{"self":[{"href":"https:\/\/ps-fr.ch\/de\/wp-json\/wp\/v2\/posts\/86194","targetHints":{"allow":["GET"]}}],"collection":[{"href":"https:\/\/ps-fr.ch\/de\/wp-json\/wp\/v2\/posts"}],"about":[{"href":"https:\/\/ps-fr.ch\/de\/wp-json\/wp\/v2\/types\/post"}],"author":[{"embeddable":true,"href":"https:\/\/ps-fr.ch\/de\/wp-json\/wp\/v2\/users\/4"}],"replies":[{"embeddable":true,"href":"https:\/\/ps-fr.ch\/de\/wp-json\/wp\/v2\/comments?post=86194"}],"version-history":[{"count":0,"href":"https:\/\/ps-fr.ch\/de\/wp-json\/wp\/v2\/posts\/86194\/revisions"}],"wp:attachment":[{"href":"https:\/\/ps-fr.ch\/de\/wp-json\/wp\/v2\/media?parent=86194"}],"wp:term":[{"taxonomy":"category","embeddable":true,"href":"https:\/\/ps-fr.ch\/de\/wp-json\/wp\/v2\/categories?post=86194"},{"taxonomy":"post_tag","embeddable":true,"href":"https:\/\/ps-fr.ch\/de\/wp-json\/wp\/v2\/tags?post=86194"},{"taxonomy":"cpt-channel","embeddable":true,"href":"https:\/\/ps-fr.ch\/de\/wp-json\/wp\/v2\/cpt-channel?post=86194"}],"curies":[{"name":"wp","href":"https:\/\/api.w.org\/{rel}","templated":true}]}}