{"id":86210,"date":"2023-03-23T00:00:00","date_gmt":"2023-03-22T23:00:00","guid":{"rendered":"https:\/\/spfr.spschweiz.ch\/blog\/2023\/03\/23\/ledp-le-projet-du-conseil-detat-fausse-le-scrutin-majoritaire-2\/"},"modified":"2023-09-26T11:38:13","modified_gmt":"2023-09-26T09:38:13","slug":"ledp-le-projet-du-conseil-detat-fausse-le-scrutin-majoritaire-2","status":"publish","type":"post","link":"https:\/\/ps-fr.ch\/de\/blog\/2023\/03\/23\/ledp-le-projet-du-conseil-detat-fausse-le-scrutin-majoritaire-2\/","title":{"rendered":"LEDP: le projet du Conseil d&#8217;Etat fausse le scrutin majoritaire"},"content":{"rendered":"\t\t<div data-elementor-type=\"wp-post\" data-elementor-id=\"86210\" class=\"elementor elementor-86210\" data-elementor-post-type=\"post\">\n\t\t\t\t\t\t<section class=\"elementor-section elementor-top-section elementor-element elementor-element-9d6caa9 elementor-section-boxed elementor-section-height-default elementor-section-height-default\" data-id=\"9d6caa9\" data-element_type=\"section\" data-settings=\"{&quot;jet_parallax_layout_list&quot;:[]}\">\n\t\t\t\t\t\t<div class=\"elementor-container elementor-column-gap-no\">\n\t\t\t\t\t<div class=\"elementor-column elementor-col-100 elementor-top-column elementor-element elementor-element-ddd4c5a\" data-id=\"ddd4c5a\" data-element_type=\"column\">\n\t\t\t<div class=\"elementor-widget-wrap elementor-element-populated\">\n\t\t\t\t\n\t\t<div class=\"elementor-element elementor-element-70f02f5 elementor-widget elementor-widget-text-editor\" data-id=\"70f02f5\" data-element_type=\"widget\" data-widget_type=\"text-editor.default\">\n\t\t\t\t<div class=\"elementor-widget-container\">\n\t\t\t\t\t\t\t\t\t<p>En l\u00e9gitimant le sc\u00e9nario des \u00e9lections au Conseil d&#8217;Etat de 2021 et l&#8217;interpr\u00e9tation plus que douteuse qu&#8217;avait fait la droite de la LEDP pour s&#8217;unir &#8211; apr\u00e8s \u00eatre partie en ordre dispers\u00e9 &#8211; lors du second tour, le Conseil d&#8217;Etat fausse l&#8217;id\u00e9e du scrutin majoritaire. En effet, et sur la base des alliances conclues lors des \u00e9lections cantonales 2021, la solution<br \/>pr\u00e9conis\u00e9e par le Conseil d\u2019Etat consiste \u00e0 se retrouver, au plus tard au 2\u00e8me tour, avec deux listes : l\u2019une regroupant l\u2019entier des candidat\u00b7e\u00b7s des partis de gauche et l\u2019autre<br \/>regroupant l\u2019entier des candidat\u00b7e\u00b7s des partis bourgeois. Il ne sera d\u00e8s lors plus possible d\u2019identifier si l\u2019\u00e9lectrice\u00b7l\u2019\u00e9lecteur a vot\u00e9 la liste (respectivement les partis pr\u00e9sents sur la<br \/>liste) ou les candidat\u00b7e\u00b7s, ce qui va \u00e0 l\u2019encontre de l\u2019esprit du mode de scrutin \u00e0 la majoritaire qui veut que le\u00b7la candidat\u00b7e convainque plus par sa personnalit\u00e9 que par son parti. Afin de ne pas transformer le syst\u00e8me majoritaire en une proportionnelle et de respecter au mieux la volont\u00e9 populaire, le PSF d\u00e9fend l&#8217;introduction d&#8217;un bulletin unique comme c&#8217;est le cas dans les cantons de Gen\u00e8ve et Z\u00fcrich.<\/p><p><br \/>Dans un projet de loi aux allures de fourre-tout, le groupe socialiste soutient, \u00e0 une courte majorit\u00e9 de ses membres, la cr\u00e9ation d&#8217;une base l\u00e9gale permettant la mise en place du<br \/>vote \u00e9lectronique aux niveaux cantonal et communal. Pour assurer la s\u00e9curit\u00e9 du vote, il est clair qu&#8217;une solution \u00e9lectronique d\u00e9velopp\u00e9e et g\u00e9r\u00e9e par les pouvoirs publics doit \u00eatre<br \/>entreprise car seul l\u2019\u00c9tat, d\u00e9mocratiquement organis\u00e9, poursuit des objectifs d\u2019int\u00e9r\u00eat public et de transparence.<\/p><p><br \/>Finalement, le PSF se r\u00e9jouit d&#8217;une modification symbolique. mais non moins primordiale: l&#8217;introduction du terme pr\u00e9f\u00e8te. Seul b\u00e9mol : le PSF regrette qu\u2019il ait fallu la brillante \u00e9lection d\u2019une pr\u00e9f\u00e8te socialiste en Sarine pour adapter la l\u00e9gislation fribourgeoise \u00e0 une r\u00e9alit\u00e9 : oui, les Pr\u00e9fectures sont \u00e9galement ouvertes aux femmes !<\/p>\t\t\t\t\t\t\t\t<\/div>\n\t\t\t\t<\/div>\n\t\t\t\t\t<\/div>\n\t\t<\/div>\n\t\t\t\t\t<\/div>\n\t\t<\/section>\n\t\t\t\t<section class=\"elementor-section elementor-top-section elementor-element elementor-element-642beb0545b5c elementor-section-boxed elementor-section-height-default elementor-section-height-default\" data-id=\"642beb0545b5c\" data-element_type=\"section\" data-settings=\"{&quot;jet_parallax_layout_list&quot;:[]}\">\n\t\t\t\t\t\t<div class=\"elementor-container elementor-column-gap-no\">\n\t\t\t\t\t<div class=\"elementor-column elementor-col-100 elementor-top-column elementor-element elementor-element-642beb0545b5d\" data-id=\"642beb0545b5d\" data-element_type=\"column\">\n\t\t\t<div class=\"elementor-widget-wrap elementor-element-populated\">\n\t\t\t\t\t\t<div class=\"elementor-element elementor-element-642beb05292d1 elementor-widget elementor-widget-text-editor\" data-id=\"642beb05292d1\" data-element_type=\"widget\" data-widget_type=\"text-editor.default\">\n\t\t\t\t<div class=\"elementor-widget-container\">\n\t\t\t\t\t\t\t\t\t<p><strong>\u00ab L&#8217;introduction d&#8217;un bulletin unique permet de respecter au mieux la volont\u00e9 populaire et d\u2019assurer que lors d\u2019un scrutin majoritaire, le ou la candidat\u00b7e convainc plus par sa personnalit\u00e9 que par son appartenance partisane. \u00bb<br \/>Elias Moussa, D\u00e9put\u00e9<\/strong><\/p>\t\t\t\t\t\t\t\t<\/div>\n\t\t\t\t<\/div>\n\t\t\t\t<div class=\"elementor-element elementor-element-642beb0545b59 elementor-widget elementor-widget-spps_button_list\" data-id=\"642beb0545b59\" data-element_type=\"widget\" data-widget_type=\"spps_button_list.default\">\n\t\t\t\t<div class=\"elementor-widget-container\">\n\t\t\t\t\t<div class=\"button-list-wrapper wrapper-spacing-small  \"><div class=\"button-list-container\"><div class=\"button-list-items\"><div class=\"button-list-item\"><div class=\"button-wrapper \"><a href=\"https:\/\/ps-fr.ch\/wp-content\/uploads\/2023\/03\/cp_ledp_le_projet_du_conseil_detat_fausse_le_scrutin_majoritaire.pdf\"  target=\"_self\" class=\"button-link button-link-default\" >Communiqu\u00e9 de presse 'LEDP: le projet du Conseil d'Etat fausse le scrutin majoritaire'<span class=\"button-media-date\">29.04.2026<\/span><\/a><\/div><\/div><\/div><\/div><\/div>\t\t\t\t<\/div>\n\t\t\t\t<\/div>\n\t\t\t\t\t<\/div>\n\t\t<\/div>\n\t\t\t\t\t<\/div>\n\t\t<\/section>\n\t\t\t\t<\/div>\n\t\t","protected":false},"excerpt":{"rendered":"<p>En l\u00e9gitimant le sc\u00e9nario des \u00e9lections au Conseil d&#8217;Etat de 2021 et l&#8217;interpr\u00e9tation plus que douteuse qu&#8217;avait fait la droite de la LEDP pour s&#8217;unir &#8211; apr\u00e8s \u00eatre partie en [&hellip;]<\/p>\n","protected":false},"author":4,"featured_media":0,"comment_status":"closed","ping_status":"closed","sticky":false,"template":"","format":"standard","meta":{"footnotes":""},"categories":[2],"tags":[],"cpt-channel":[2747],"class_list":["post-86210","post","type-post","status-publish","format-standard","hentry","category-non-classifiee","cpt-channel-communiques-de-presse"],"_links":{"self":[{"href":"https:\/\/ps-fr.ch\/de\/wp-json\/wp\/v2\/posts\/86210","targetHints":{"allow":["GET"]}}],"collection":[{"href":"https:\/\/ps-fr.ch\/de\/wp-json\/wp\/v2\/posts"}],"about":[{"href":"https:\/\/ps-fr.ch\/de\/wp-json\/wp\/v2\/types\/post"}],"author":[{"embeddable":true,"href":"https:\/\/ps-fr.ch\/de\/wp-json\/wp\/v2\/users\/4"}],"replies":[{"embeddable":true,"href":"https:\/\/ps-fr.ch\/de\/wp-json\/wp\/v2\/comments?post=86210"}],"version-history":[{"count":3,"href":"https:\/\/ps-fr.ch\/de\/wp-json\/wp\/v2\/posts\/86210\/revisions"}],"predecessor-version":[{"id":86827,"href":"https:\/\/ps-fr.ch\/de\/wp-json\/wp\/v2\/posts\/86210\/revisions\/86827"}],"wp:attachment":[{"href":"https:\/\/ps-fr.ch\/de\/wp-json\/wp\/v2\/media?parent=86210"}],"wp:term":[{"taxonomy":"category","embeddable":true,"href":"https:\/\/ps-fr.ch\/de\/wp-json\/wp\/v2\/categories?post=86210"},{"taxonomy":"post_tag","embeddable":true,"href":"https:\/\/ps-fr.ch\/de\/wp-json\/wp\/v2\/tags?post=86210"},{"taxonomy":"cpt-channel","embeddable":true,"href":"https:\/\/ps-fr.ch\/de\/wp-json\/wp\/v2\/cpt-channel?post=86210"}],"curies":[{"name":"wp","href":"https:\/\/api.w.org\/{rel}","templated":true}]}}