{"id":86213,"date":"2023-03-30T00:00:00","date_gmt":"2023-03-29T22:00:00","guid":{"rendered":"https:\/\/spfr.spschweiz.ch\/blog\/2023\/03\/30\/192-millions-de-benefice-avant-attribution-des-miettes-pour-le-social-et-la-sante\/"},"modified":"2025-08-05T12:02:12","modified_gmt":"2025-08-05T10:02:12","slug":"192-millions-de-benefice-avant-attribution-des-miettes-pour-le-social-et-la-sante","status":"publish","type":"post","link":"https:\/\/ps-fr.ch\/de\/blog\/2023\/03\/30\/192-millions-de-benefice-avant-attribution-des-miettes-pour-le-social-et-la-sante\/","title":{"rendered":"192 millions de b\u00e9n\u00e9fice avant attribution, des miettes pour le social et la sant\u00e9"},"content":{"rendered":"\t\t<div data-elementor-type=\"wp-post\" data-elementor-id=\"86213\" class=\"elementor elementor-86213\" data-elementor-post-type=\"post\">\n\t\t\t\t\t\t<section class=\"elementor-section elementor-top-section elementor-element elementor-element-642beb0569f77 elementor-section-boxed elementor-section-height-default elementor-section-height-default\" data-id=\"642beb0569f77\" data-element_type=\"section\" data-settings=\"{&quot;jet_parallax_layout_list&quot;:[]}\">\n\t\t\t\t\t\t<div class=\"elementor-container elementor-column-gap-no\">\n\t\t\t\t\t<div class=\"elementor-column elementor-col-100 elementor-top-column elementor-element elementor-element-642beb0569f78\" data-id=\"642beb0569f78\" data-element_type=\"column\">\n\t\t\t<div class=\"elementor-widget-wrap elementor-element-populated\">\n\t\t\t\t\n\t\t<div class=\"elementor-element elementor-element-642beb0553e84 elementor-widget elementor-widget-text-editor\" data-id=\"642beb0553e84\" data-element_type=\"widget\" data-widget_type=\"text-editor.default\">\n\t\t\t\t<div class=\"elementor-widget-container\">\n\t\t\t\t\t\t\t\t\t<div class=\"elementor-element elementor-element-89a221f elementor-widget elementor-widget-spacer\" data-id=\"89a221f\" data-element_type=\"widget\" data-widget_type=\"spacer.default\">\n<div class=\"elementor-widget-container\">&nbsp;<\/div>\n<\/div>\n<div class=\"elementor-element elementor-element-991b90d elementor-widget elementor-widget-theme-post-content\" data-id=\"991b90d\" data-element_type=\"widget\" data-widget_type=\"theme-post-content.default\">\n<div class=\"elementor-widget-container\">\n<div class=\"elementor elementor-86213\" data-elementor-type=\"wp-post\" data-elementor-id=\"86213\">\n<section class=\"elementor-section elementor-top-section elementor-element elementor-element-642beb0569f77 elementor-section-boxed elementor-section-height-default elementor-section-height-default\" data-id=\"642beb0569f77\" data-element_type=\"section\" data-settings=\"{&quot;jet_parallax_layout_list&quot;:[]}\">\n<div class=\"elementor-container elementor-column-gap-no\">\n<div class=\"elementor-column elementor-col-100 elementor-top-column elementor-element elementor-element-642beb0569f78\" data-id=\"642beb0569f78\" data-element_type=\"column\">\n<div class=\"elementor-widget-wrap elementor-element-populated\">\n<div class=\"elementor-element elementor-element-642beb0553e84 elementor-widget elementor-widget-text-editor\" data-id=\"642beb0553e84\" data-element_type=\"widget\" data-widget_type=\"text-editor.default\">\n<div class=\"elementor-widget-container\">\n<p>Si les comptes 2022 ont pu pr\u00e9senter un b\u00e9n\u00e9fice, c\u2019est en grande partie gr\u00e2ce \u00e0 l\u2019apport important de la BNS (+99,9 millions) et \u00e0 celui de la p\u00e9r\u00e9quation financi\u00e8re (+10 millions), c\u2019est-\u00e0-dire principalement gr\u00e2ce \u00e0 des revenus externes. La \u00ab bonne sant\u00e9 financi\u00e8re \u00bb du canton est donc toute relative. En effet, la BNS a subi cette ann\u00e9e des pertes \u00e0 hauteur de 132,5 milliards et rien n\u2019indique \u2013 bien au contraire \u2013 qu\u2019un quelconque montant pourra \u00eatre vers\u00e9 aux cantons en 2023. Un autre risque important r\u00e9side dans la fluctuation des revenus issus de la p\u00e9r\u00e9quation financi\u00e8re f\u00e9d\u00e9rale. En la mati\u00e8re, les pr\u00e9visions sont aussi mauvaises. Le Conseil d\u2019Etat se doit d\u2019int\u00e9grer ses param\u00e8tres pour passer outre cette d\u00e9pendance et pour trouver des solutions qui ne p\u00e9jorent pas la population et les prestations.<\/p>\n<p><\/p>\n<\/div>\n<section class=\"elementor-section elementor-top-section elementor-element elementor-element-c36f1c1 elementor-section-boxed elementor-section-height-default elementor-section-height-default\" data-id=\"c36f1c1\" data-element_type=\"section\" data-settings=\"{&quot;jet_parallax_layout_list&quot;:[]}\">\n<div class=\"elementor-container elementor-column-gap-no\">\n<div class=\"elementor-column elementor-col-100 elementor-top-column elementor-element elementor-element-3999332\" data-id=\"3999332\" data-element_type=\"column\">\n<div class=\"elementor-widget-wrap elementor-element-populated\">\n<div class=\"elementor-element elementor-element-85d3d2c elementor-widget elementor-widget-text-editor\" data-id=\"85d3d2c\" data-element_type=\"widget\" data-widget_type=\"text-editor.default\">\n<div class=\"elementor-widget-container\">\n<p>En d\u00e9couvrant l\u2019ann\u00e9e derni\u00e8re les comptes 2021 et les b\u00e9n\u00e9fices r\u00e9alis\u00e9s, nous esp\u00e9rions qu\u2019une fois tourn\u00e9e la page de la pand\u00e9mie, de r\u00e9els investissements pour la population auraient lieu. Force est de constater que cela ne f\u00fbt pas le cas. Les d\u00e9penses d\u2019investissements propres r\u00e9alis\u00e9es se sont m\u00eames r\u00e9v\u00e9l\u00e9es plus faibles que celles qui avait \u00e9t\u00e9 budg\u00e9tis\u00e9es. Avec des besoins urgents dans le social et la sant\u00e9, le Conseil d\u2019Etat se montre d\u00e9connect\u00e9 des besoins de la population.<\/p><p><br><\/p>\n<p><\/p>\n<\/div>\n<\/div>\n<\/div>\n<\/div>\n<\/div>\n<\/section>\n<section class=\"elementor-section elementor-top-section elementor-element elementor-element-5e74449 elementor-section-boxed elementor-section-height-default elementor-section-height-default\" data-id=\"5e74449\" data-element_type=\"section\" data-settings=\"{&quot;jet_parallax_layout_list&quot;:[]}\">\n<div class=\"elementor-container elementor-column-gap-no\">\n<div class=\"elementor-column elementor-col-100 elementor-top-column elementor-element elementor-element-52ca06a\" data-id=\"52ca06a\" data-element_type=\"column\">\n<div class=\"elementor-widget-wrap elementor-element-populated\">\n<div class=\"elementor-element elementor-element-a41c70d elementor-widget elementor-widget-text-editor\" data-id=\"a41c70d\" data-element_type=\"widget\" data-widget_type=\"text-editor.default\">\n<div class=\"elementor-widget-container\">\n<p>Concernant sp\u00e9cifiquement la sant\u00e9, nous constatons que le Conseil d\u2019Etat provisionne 20 millions pour prestations HFR et RFSM et 15 millions pour assainir le bilan HFR. Ceci<br>prouve que le financement de la sant\u00e9 dans le canton de Fribourg est d\u00e9faillant. Nous le rappelions d\u00e9j\u00e0 en d\u00e9couvrant le budget 2023 de l\u2019HFR, le Conseil d\u2019Etat doit augmenter sa participation au financement de l\u2019h\u00f4pital. Cependant, il aurait tort de se concentrer uniquement sur l\u2019HFR, c\u2019est dans l\u2019entier du domaine de la sant\u00e9 qu\u2019il convient d\u2019investir davantage. Le PSF se battra pour que davantage d\u2019argent soit budg\u00e9tis\u00e9 dans le domaine et que de r\u00e9els investissements, au service de la population, voient le jour.<\/p>\n<\/div>\n<\/div>\n<\/div>\n<\/div>\n<\/div>\n<\/section>\n<\/div>\n<\/div>\n<\/div>\n<\/div>\n<\/section>\n<\/div>\n<\/div>\n<\/div>\t\t\t\t\t\t\t\t<\/div>\n\t\t\t\t<\/div>\n\t\t\t\t\t<\/div>\n\t\t<\/div>\n\t\t\t\t\t<\/div>\n\t\t<\/section>\n\t\t\t\t<section class=\"elementor-section elementor-top-section elementor-element elementor-element-283060c elementor-section-boxed elementor-section-height-default elementor-section-height-default\" data-id=\"283060c\" data-element_type=\"section\" data-settings=\"{&quot;jet_parallax_layout_list&quot;:[]}\">\n\t\t\t\t\t\t<div class=\"elementor-container elementor-column-gap-no\">\n\t\t\t\t\t<div class=\"elementor-column elementor-col-100 elementor-top-column elementor-element elementor-element-27f1c34\" data-id=\"27f1c34\" data-element_type=\"column\">\n\t\t\t<div class=\"elementor-widget-wrap elementor-element-populated\">\n\t\t\t\t\t\t<div class=\"elementor-element elementor-element-1dcae36 elementor-widget elementor-widget-text-editor\" data-id=\"1dcae36\" data-element_type=\"widget\" data-widget_type=\"text-editor.default\">\n\t\t\t\t<div class=\"elementor-widget-container\">\n\t\t\t\t\t\t\t\t\t<p><strong>\u00ab Malgr\u00e9 la fin du COVID et le retour des r\u00e9sultats tr\u00e8s positifs, le Conseil d&#8217;Etat poursuit sa politique d&#8217;aust\u00e9rit\u00e9 au d\u00e9triment du personnel et de l&#8217;entier de la population. \u00bb<br \/><br \/>Armand Jaquier, D\u00e9put\u00e9<\/strong><\/p>\t\t\t\t\t\t\t\t<\/div>\n\t\t\t\t<\/div>\n\t\t\t\t\t<\/div>\n\t\t<\/div>\n\t\t\t\t\t<\/div>\n\t\t<\/section>\n\t\t\t\t<section class=\"elementor-section elementor-top-section elementor-element elementor-element-0d374a4 elementor-section-boxed elementor-section-height-default elementor-section-height-default\" data-id=\"0d374a4\" data-element_type=\"section\" data-settings=\"{&quot;jet_parallax_layout_list&quot;:[]}\">\n\t\t\t\t\t\t<div class=\"elementor-container elementor-column-gap-default\">\n\t\t\t\t\t<div class=\"elementor-column elementor-col-100 elementor-top-column elementor-element elementor-element-f1bfecb\" data-id=\"f1bfecb\" data-element_type=\"column\">\n\t\t\t<div class=\"elementor-widget-wrap elementor-element-populated\">\n\t\t\t\t\t\t<div class=\"elementor-element elementor-element-707307a elementor-widget-divider--view-line elementor-widget elementor-widget-divider\" data-id=\"707307a\" data-element_type=\"widget\" data-widget_type=\"divider.default\">\n\t\t\t\t<div class=\"elementor-widget-container\">\n\t\t\t\t\t\t\t<div class=\"elementor-divider\">\n\t\t\t<span class=\"elementor-divider-separator\">\n\t\t\t\t\t\t<\/span>\n\t\t<\/div>\n\t\t\t\t\t\t<\/div>\n\t\t\t\t<\/div>\n\t\t\t\t\t<\/div>\n\t\t<\/div>\n\t\t\t\t\t<\/div>\n\t\t<\/section>\n\t\t\t\t<section class=\"elementor-section elementor-top-section elementor-element elementor-element-b761d7b elementor-section-boxed elementor-section-height-default elementor-section-height-default\" data-id=\"b761d7b\" data-element_type=\"section\" data-settings=\"{&quot;jet_parallax_layout_list&quot;:[]}\">\n\t\t\t\t\t\t<div class=\"elementor-container elementor-column-gap-no\">\n\t\t\t\t\t<div class=\"elementor-column elementor-col-100 elementor-top-column elementor-element elementor-element-4fa62ac\" data-id=\"4fa62ac\" data-element_type=\"column\">\n\t\t\t<div class=\"elementor-widget-wrap elementor-element-populated\">\n\t\t\t\t\t\t<div class=\"elementor-element elementor-element-be225c4 elementor-widget elementor-widget-text-editor\" data-id=\"be225c4\" data-element_type=\"widget\" data-widget_type=\"text-editor.default\">\n\t\t\t\t<div class=\"elementor-widget-container\">\n\t\t\t\t\t\t\t\t\t<p><strong>\u00ab Le Conseil d&#8217;Etat ne pourra pas compter ind\u00e9finiment sur les revenus de la BNS et de la p\u00e9r\u00e9quation financi\u00e8re. Loin de l&#8217;aust\u00e9rit\u00e9, il doit proposer des solutions justes et solidaires. \u00bb<\/strong><\/p><p><strong><br \/>Marie Levrat, D\u00e9put\u00e9e<\/strong><\/p>\t\t\t\t\t\t\t\t<\/div>\n\t\t\t\t<\/div>\n\t\t\t\t\t<\/div>\n\t\t<\/div>\n\t\t\t\t\t<\/div>\n\t\t<\/section>\n\t\t\t\t<section class=\"elementor-section elementor-top-section elementor-element elementor-element-2e07023 elementor-section-boxed elementor-section-height-default elementor-section-height-default\" data-id=\"2e07023\" data-element_type=\"section\" data-settings=\"{&quot;jet_parallax_layout_list&quot;:[]}\">\n\t\t\t\t\t\t<div class=\"elementor-container elementor-column-gap-no\">\n\t\t\t\t\t<div class=\"elementor-column elementor-col-100 elementor-top-column elementor-element elementor-element-62b7bc6\" data-id=\"62b7bc6\" data-element_type=\"column\">\n\t\t\t<div class=\"elementor-widget-wrap elementor-element-populated\">\n\t\t\t\t\t\t<div class=\"elementor-element elementor-element-2e52dfa elementor-widget elementor-widget-spps_button_list\" data-id=\"2e52dfa\" data-element_type=\"widget\" data-widget_type=\"spps_button_list.default\">\n\t\t\t\t<div class=\"elementor-widget-container\">\n\t\t\t\t\t<div class=\"button-list-wrapper wrapper-spacing-small  \"><div class=\"button-list-container\"><div class=\"button-list-items\"><div class=\"button-list-item\"><div class=\"button-wrapper \"><a href=\"https:\/\/ps-fr.ch\/wp-content\/uploads\/2023\/03\/cp_192_millions_de_benefice_avant_attributiondes_miettes_pour_le_social_et_la_sante.pdf\"  target=\"_self\" class=\"button-link button-link-default\" >Communiqu\u00e9 de presse' 192 millions de b\u00e9n\u00e9fice avant attribution, des miettes pour le social et la sant\u00e9'<span class=\"button-media-date\">29.04.2026<\/span><\/a><\/div><\/div><\/div><\/div><\/div>\t\t\t\t<\/div>\n\t\t\t\t<\/div>\n\t\t\t\t\t<\/div>\n\t\t<\/div>\n\t\t\t\t\t<\/div>\n\t\t<\/section>\n\t\t\t\t<\/div>\n\t\t","protected":false},"excerpt":{"rendered":"<p>&nbsp; Si les comptes 2022 ont pu pr\u00e9senter un b\u00e9n\u00e9fice, c\u2019est en grande partie gr\u00e2ce \u00e0 l\u2019apport important de la BNS (+99,9 millions) et \u00e0 celui de la p\u00e9r\u00e9quation financi\u00e8re [&hellip;]<\/p>\n","protected":false},"author":4,"featured_media":0,"comment_status":"closed","ping_status":"closed","sticky":false,"template":"","format":"standard","meta":{"footnotes":""},"categories":[2],"tags":[],"cpt-channel":[2747],"class_list":["post-86213","post","type-post","status-publish","format-standard","hentry","category-non-classifiee","cpt-channel-communiques-de-presse"],"_links":{"self":[{"href":"https:\/\/ps-fr.ch\/de\/wp-json\/wp\/v2\/posts\/86213","targetHints":{"allow":["GET"]}}],"collection":[{"href":"https:\/\/ps-fr.ch\/de\/wp-json\/wp\/v2\/posts"}],"about":[{"href":"https:\/\/ps-fr.ch\/de\/wp-json\/wp\/v2\/types\/post"}],"author":[{"embeddable":true,"href":"https:\/\/ps-fr.ch\/de\/wp-json\/wp\/v2\/users\/4"}],"replies":[{"embeddable":true,"href":"https:\/\/ps-fr.ch\/de\/wp-json\/wp\/v2\/comments?post=86213"}],"version-history":[{"count":6,"href":"https:\/\/ps-fr.ch\/de\/wp-json\/wp\/v2\/posts\/86213\/revisions"}],"predecessor-version":[{"id":86830,"href":"https:\/\/ps-fr.ch\/de\/wp-json\/wp\/v2\/posts\/86213\/revisions\/86830"}],"wp:attachment":[{"href":"https:\/\/ps-fr.ch\/de\/wp-json\/wp\/v2\/media?parent=86213"}],"wp:term":[{"taxonomy":"category","embeddable":true,"href":"https:\/\/ps-fr.ch\/de\/wp-json\/wp\/v2\/categories?post=86213"},{"taxonomy":"post_tag","embeddable":true,"href":"https:\/\/ps-fr.ch\/de\/wp-json\/wp\/v2\/tags?post=86213"},{"taxonomy":"cpt-channel","embeddable":true,"href":"https:\/\/ps-fr.ch\/de\/wp-json\/wp\/v2\/cpt-channel?post=86213"}],"curies":[{"name":"wp","href":"https:\/\/api.w.org\/{rel}","templated":true}]}}