{"id":86239,"date":"2023-03-20T00:00:00","date_gmt":"2023-03-19T23:00:00","guid":{"rendered":"https:\/\/spfr.spschweiz.ch\/blog\/2023\/03\/20\/elections-federales-2023\/"},"modified":"2023-03-20T00:00:00","modified_gmt":"2023-03-19T23:00:00","slug":"elections-federales-2023","status":"publish","type":"post","link":"https:\/\/ps-fr.ch\/de\/blog\/2023\/03\/20\/elections-federales-2023\/","title":{"rendered":"\u00c9LECTIONS F\u00c9D\u00c9RALES 2023"},"content":{"rendered":"\t\t<div data-elementor-type=\"wp-post\" data-elementor-id=\"86239\" class=\"elementor elementor-86239\" data-elementor-post-type=\"post\">\n\t\t\t\t\t\t<section class=\"elementor-section elementor-top-section elementor-element elementor-element-642beb07d52dd elementor-section-boxed elementor-section-height-default elementor-section-height-default\" data-id=\"642beb07d52dd\" data-element_type=\"section\" data-settings=\"{&quot;jet_parallax_layout_list&quot;:[]}\">\n\t\t\t\t\t\t<div class=\"elementor-container elementor-column-gap-no\">\n\t\t\t\t\t<div class=\"elementor-column elementor-col-100 elementor-top-column elementor-element elementor-element-642beb07d52de\" data-id=\"642beb07d52de\" data-element_type=\"column\">\n\t\t\t<div class=\"elementor-widget-wrap elementor-element-populated\">\n\t\t\t\t\n\t\t<div class=\"elementor-element elementor-element-642beb07d52d6 elementor-widget elementor-widget-text-editor\" data-id=\"642beb07d52d6\" data-element_type=\"widget\" data-widget_type=\"text-editor.default\">\n\t\t\t\t<div class=\"elementor-widget-container\">\n\t\t\t\t\t\t\t\t\t<p>R&eacute;unis en assembl&eacute;e ce mercredi 15 mars, les d&eacute;l&eacute;gu&eacute;.e.s du Parti socialiste fribourgeois (PSF) ont confirm&eacute; les 7 candidats aux Chambres f&eacute;d&eacute;rales, d&eacute;sign&eacute;s par les f&eacute;d&eacute;rations. L&rsquo;objectif est clair : maintenir nos 2 si&egrave;ges au Conseil National, faire revenir la gauche au Conseil des &Eacute;tats et b&acirc;tir une Suisse solidaire !<p><br>La derni&egrave;re l&eacute;gislature a &eacute;t&eacute; marqu&eacute;e par les cadeaux fiscaux de la droite aux multinationales, un refus quasi syst&eacute;matique des mesures sociales ou climatiques et un m&eacute;pris de cette majorit&eacute; vis&agrave;- vis des int&eacute;r&ecirc;ts de la population. Il est temps de briser la majorit&eacute; bourgeoise du parlement pour enfin mener une politique qui b&eacute;n&eacute;ficie &agrave; toutes et tous, une politique symbole de justice, d&rsquo;espoir et d&rsquo;&eacute;mancipation. Les &eacute;lections f&eacute;d&eacute;rales 2023 sont donc un moment crucial pour l&rsquo;avenir social et climatique de la Suisse.<\/p><p><br>Tout au long de la campagne, nos 7 candidat.e.s d&eacute;fendront les valeurs socialistes de justice, d&rsquo;&eacute;galit&eacute; et de solidarit&eacute; et placeront au coeur de leur engagement les pr&eacute;occupations des citoyennes et citoyens de ce canton. Elles et Ils s&rsquo;engageront avec conviction pour le pouvoir d&rsquo;achat, pour la s&eacute;curit&eacute; &eacute;nerg&eacute;tique, afin de concr&eacute;tiser l&rsquo;&eacute;galit&eacute; entre les genres, pour des services publics forts et enfin pour une Suisse qui assume ses responsabilit&eacute;s sur le plan international. Ils lutteront avec force et d&eacute;termination contre la crise climatique, ainsi que contre la pauvret&eacute;, l&rsquo;exclusion et le m&eacute;pris. Avec ses 6 axes de campagne, le PSF prend la mesure des d&eacute;fis qui jalonneront la prochaine l&eacute;gislature et proposera des solutions justes, courageuses et efficaces aux enjeux de notre &eacute;poque.<\/p><p><br>Afin de r&eacute;cup&eacute;rer le si&egrave;ge de gauche au Conseil des &Eacute;tats, les d&eacute;l&eacute;gu&eacute;.e.s du PSF ont plac&eacute; leur confiance en Aliz&eacute;e Rey. L&rsquo;actuelle D&eacute;put&eacute;e au Grand Conseil aura &agrave; coeur de d&eacute;fendre les int&eacute;r&ecirc;ts de toute la population du canton en tenant compte de sa diversit&eacute; et des besoins de chacune et chacun.<\/p><p><br>Le PSF se r&eacute;jouit de pr&eacute;senter une liste forte, paritaire, faite de diversit&eacute; et emplie de comp&eacute;tences. Les 7 candidat.e.s d&eacute;sign&eacute;.e.s ce soir et tous les militant.e.s socialistes porteront ensemble les valeurs et id&eacute;es du PSF dans l&rsquo;ensemble du canton et prendront parti pour une Suisse solidaire !<\/p><p><br><strong>Thomas Gremaud<br>Pr&eacute;sident<\/strong><\/p><\/p>\n\t\t\t\t\t\t\t\t<\/div>\n\t\t\t\t<\/div>\n\t\t\t\t\t<\/div>\n\t\t<\/div>\n\t\t\t\t\t<\/div>\n\t\t<\/section>\n\t\t\t\t<\/div>\n\t\t","protected":false},"excerpt":{"rendered":"<p>R\u00e9unis en assembl\u00e9e ce mercredi 15 mars, les d\u00e9l\u00e9gu\u00e9.e.s du Parti socialiste fribourgeois (PSF) ont confirm\u00e9 les 7 candidats aux Chambres f\u00e9d\u00e9rales, d\u00e9sign\u00e9s par les f\u00e9d\u00e9rations. L\u2019objectif est clair : [&hellip;]<\/p>\n","protected":false},"author":4,"featured_media":0,"comment_status":"closed","ping_status":"closed","sticky":false,"template":"","format":"standard","meta":{"footnotes":""},"categories":[],"tags":[],"cpt-channel":[2747],"class_list":["post-86239","post","type-post","status-publish","format-standard","hentry","cpt-channel-communiques-de-presse"],"_links":{"self":[{"href":"https:\/\/ps-fr.ch\/de\/wp-json\/wp\/v2\/posts\/86239","targetHints":{"allow":["GET"]}}],"collection":[{"href":"https:\/\/ps-fr.ch\/de\/wp-json\/wp\/v2\/posts"}],"about":[{"href":"https:\/\/ps-fr.ch\/de\/wp-json\/wp\/v2\/types\/post"}],"author":[{"embeddable":true,"href":"https:\/\/ps-fr.ch\/de\/wp-json\/wp\/v2\/users\/4"}],"replies":[{"embeddable":true,"href":"https:\/\/ps-fr.ch\/de\/wp-json\/wp\/v2\/comments?post=86239"}],"version-history":[{"count":0,"href":"https:\/\/ps-fr.ch\/de\/wp-json\/wp\/v2\/posts\/86239\/revisions"}],"wp:attachment":[{"href":"https:\/\/ps-fr.ch\/de\/wp-json\/wp\/v2\/media?parent=86239"}],"wp:term":[{"taxonomy":"category","embeddable":true,"href":"https:\/\/ps-fr.ch\/de\/wp-json\/wp\/v2\/categories?post=86239"},{"taxonomy":"post_tag","embeddable":true,"href":"https:\/\/ps-fr.ch\/de\/wp-json\/wp\/v2\/tags?post=86239"},{"taxonomy":"cpt-channel","embeddable":true,"href":"https:\/\/ps-fr.ch\/de\/wp-json\/wp\/v2\/cpt-channel?post=86239"}],"curies":[{"name":"wp","href":"https:\/\/api.w.org\/{rel}","templated":true}]}}