{"id":87940,"date":"2024-07-04T12:36:00","date_gmt":"2024-07-04T10:36:00","guid":{"rendered":"https:\/\/ps-fr.ch\/?p=87940"},"modified":"2025-08-05T13:54:44","modified_gmt":"2025-08-05T11:54:44","slug":"le-plan-deconomie-presente-par-le-conseil-detat-est-inadmissible","status":"publish","type":"post","link":"https:\/\/ps-fr.ch\/de\/blog\/2024\/07\/04\/le-plan-deconomie-presente-par-le-conseil-detat-est-inadmissible\/","title":{"rendered":"Le plan d&#8217;\u00e9conomie pr\u00e9sent\u00e9 par le Conseil d&#8217;Etat est inadmissible"},"content":{"rendered":"\t\t<div data-elementor-type=\"wp-post\" data-elementor-id=\"87940\" class=\"elementor elementor-87940\" data-elementor-post-type=\"post\">\n\t\t\t\t\t\t<section class=\"elementor-section elementor-top-section elementor-element elementor-element-81489ec elementor-section-boxed elementor-section-height-default elementor-section-height-default\" data-id=\"81489ec\" data-element_type=\"section\" data-settings=\"{&quot;jet_parallax_layout_list&quot;:[]}\">\n\t\t\t\t\t\t<div class=\"elementor-container elementor-column-gap-default\">\n\t\t\t\t\t<div class=\"elementor-column elementor-col-100 elementor-top-column elementor-element elementor-element-5dd924d\" data-id=\"5dd924d\" data-element_type=\"column\">\n\t\t\t<div class=\"elementor-widget-wrap elementor-element-populated\">\n\t\t\t\t\n\t\t<div class=\"elementor-element elementor-element-acb4996 elementor-widget elementor-widget-text-editor\" data-id=\"acb4996\" data-element_type=\"widget\" data-widget_type=\"text-editor.default\">\n\t\t\t\t<div class=\"elementor-widget-container\">\n\t\t\t\t\t\t\t\t\t<p><strong>Le Parti socialiste fribourgeois (PSF) d\u00e9couvre aujourd&#8217;hui l&#8217;intention du Conseil d&#8217;Etat d&#8217;accentuer sa politique d&#8217;aust\u00e9rit\u00e9 en annon\u00e7ant un plan d&#8217;\u00e9conomie \u00e0 hauteur de 100 millions de francs. Apr\u00e8s des ann\u00e9es \u00e0 accorder des cadeaux fiscaux et \u00e0 renoncer \u00e0 des investissements fondamentaux, cette nouvelle est honteuse et d\u00e9sastreuse. Elle aura des cons\u00e9quences lourdes et durables pour la population, et en particulier pour ses membres les plus vuln\u00e9rables ainsi que pour le personnel de l&#8217;Etat. Le message du Conseil d&#8217;Etat est clair: il pr\u00e9f\u00e8re couper drastiquement dans les prestations avant m\u00eame de songer \u00e0 une adaptation de sa fiscalit\u00e9. Il n&#8217;est pourtant pas trop tard. Le Conseil d&#8217;Etat peut et doit encore faire marche arri\u00e8re en r\u00e9formant sa fiscalit\u00e9 pour trouver davantage de recettes.<\/strong><\/p>\t\t\t\t\t\t\t\t<\/div>\n\t\t\t\t<\/div>\n\t\t\t\t\t<\/div>\n\t\t<\/div>\n\t\t\t\t\t<\/div>\n\t\t<\/section>\n\t\t\t\t<section class=\"elementor-section elementor-top-section elementor-element elementor-element-8465f08 elementor-section-boxed elementor-section-height-default elementor-section-height-default\" data-id=\"8465f08\" data-element_type=\"section\" data-settings=\"{&quot;jet_parallax_layout_list&quot;:[]}\">\n\t\t\t\t\t\t<div class=\"elementor-container elementor-column-gap-default\">\n\t\t\t\t\t<div class=\"elementor-column elementor-col-100 elementor-top-column elementor-element elementor-element-b9b4f34\" data-id=\"b9b4f34\" data-element_type=\"column\">\n\t\t\t<div class=\"elementor-widget-wrap elementor-element-populated\">\n\t\t\t\t\t\t<div class=\"elementor-element elementor-element-006fc4c elementor-widget elementor-widget-text-editor\" data-id=\"006fc4c\" data-element_type=\"widget\" data-widget_type=\"text-editor.default\">\n\t\t\t\t<div class=\"elementor-widget-container\">\n\t\t\t\t\t\t\t\t\t<p><strong>Derri\u00e8re les chiffres annonc\u00e9s froidement par le gouvernement se cachent des cons\u00e9quences bien r\u00e9elles pour la population, en particulier ses membres les plus vuln\u00e9rables.<\/strong> Ce sont syst\u00e9matiquement les domaines comme la sant\u00e9 et le social qui subissent principalement les cons\u00e9quences des politiques d&#8217;aust\u00e9rit\u00e9. Dans son communiqu\u00e9 de presse du jour, le Conseil d&#8217;Etat n&#8217;a m\u00eame pas et le courage d&#8217;annoncer les prestations qu&#8217;il supprimera \u00e0 sa population. <strong>Pour le PSF, il est clair que ce n&#8217;est pas non plus au personnel, qui r\u00e9alise un travail admirable et se trouve souvent en sous-effectif, comme c&#8217;est le cas au SEJ, d&#8217;en faire les frais.<\/strong><\/p><p><strong>Ce plan d&#8217;\u00e9conomie est un calcul d\u00e9sastreux de la part du Conseil d&#8217;Etat, car l&#8217;aust\u00e9rit\u00e9 est justement \u00e0 l&#8217;origine de la situation actuelle.<\/strong> C&#8217;est la frilosit\u00e9 budg\u00e9taire et la gestion d&#8217;\u00e9picier des finances cantonales qui ont conduit le canton \u00e0 accumuler des retards consid\u00e9rables qu&#8217;il doit rattraper. Aujourd&#8217;hui, le canton et sa population ont plus que jamais besoin d&#8217;investissements.<\/p><p><strong>Le plan d&#8217;\u00e9conomie annonc\u00e9e aujourd&#8217;hui est une honte absolue au regard des baisses d&#8217;imp\u00f4ts successives arr\u00eat\u00e9es par le la majorit\u00e9 bourgeoise du Conseil d&#8217;Etat et du Grand Conseil fribourgeois.<\/strong> Pour rappel, l&#8217;imp\u00f4t sur le b\u00e9n\u00e9fice des entreprises a \u00e9t\u00e9 r\u00e9duit en 2018, suivi par une baisse de l&#8217;imp\u00f4t sur les revenus et la fortune des personnes physiques. Depuis cinq ans, celles-ci font perdre chaque ann\u00e9es 178 millions au canton. <strong>Les mesures annonc\u00e9es ont au moins le m\u00e9rite d&#8217;envoyer un signal clair: le Conseil d&#8217;Etat pr\u00e9f\u00e8re priver la population de toutes les prestations qui lui sont essentielles<\/strong> <strong>plut\u00f4t que d&#8217;envisager de relever les imp\u00f4ts.<\/strong><\/p><p>Voici des ann\u00e9es que le Parti socialiste fribourgeois alerte sur la d\u00e9pendance du Canton aux revenus de la BNS et de la p\u00e9r\u00e9quation financi\u00e8re, appelant \u00e0 exploiter pleinement son potentiel fiscal. Nous avons notamment propos\u00e9 d&#8217;introduire un imp\u00f4t sur les successions pour les grandes fortunes et d&#8217;augmenter la progressivit\u00e9 de l&#8217;imp\u00f4t sur les revenus des personnes physiques. <strong>Nous nous battons, et continuerons de nous battre pour une justice fiscale, pour que le canton revienne sur les cadeaux fiscaux accord\u00e9s en 2021 et r\u00e9tablisse le coefficient de l&#8217;imp\u00f4t cantonal direct \u00e0 son niveau initial (contre 96% aujourd&#8217;hui).<\/strong><\/p>\t\t\t\t\t\t\t\t<\/div>\n\t\t\t\t<\/div>\n\t\t\t\t\t<\/div>\n\t\t<\/div>\n\t\t\t\t\t<\/div>\n\t\t<\/section>\n\t\t\t\t<\/div>\n\t\t","protected":false},"excerpt":{"rendered":"<p>Le Parti socialiste fribourgeois (PSF) d\u00e9couvre aujourd&#8217;hui l&#8217;intention du Conseil d&#8217;Etat d&#8217;accentuer sa politique d&#8217;aust\u00e9rit\u00e9 en annon\u00e7ant un plan d&#8217;\u00e9conomie \u00e0 hauteur de 100 millions de francs. Apr\u00e8s des ann\u00e9es [&hellip;]<\/p>\n","protected":false},"author":10,"featured_media":0,"comment_status":"closed","ping_status":"closed","sticky":false,"template":"","format":"standard","meta":{"footnotes":""},"categories":[2],"tags":[],"cpt-channel":[2747],"class_list":["post-87940","post","type-post","status-publish","format-standard","hentry","category-non-classifiee","cpt-channel-communiques-de-presse"],"_links":{"self":[{"href":"https:\/\/ps-fr.ch\/de\/wp-json\/wp\/v2\/posts\/87940","targetHints":{"allow":["GET"]}}],"collection":[{"href":"https:\/\/ps-fr.ch\/de\/wp-json\/wp\/v2\/posts"}],"about":[{"href":"https:\/\/ps-fr.ch\/de\/wp-json\/wp\/v2\/types\/post"}],"author":[{"embeddable":true,"href":"https:\/\/ps-fr.ch\/de\/wp-json\/wp\/v2\/users\/10"}],"replies":[{"embeddable":true,"href":"https:\/\/ps-fr.ch\/de\/wp-json\/wp\/v2\/comments?post=87940"}],"version-history":[{"count":4,"href":"https:\/\/ps-fr.ch\/de\/wp-json\/wp\/v2\/posts\/87940\/revisions"}],"predecessor-version":[{"id":87945,"href":"https:\/\/ps-fr.ch\/de\/wp-json\/wp\/v2\/posts\/87940\/revisions\/87945"}],"wp:attachment":[{"href":"https:\/\/ps-fr.ch\/de\/wp-json\/wp\/v2\/media?parent=87940"}],"wp:term":[{"taxonomy":"category","embeddable":true,"href":"https:\/\/ps-fr.ch\/de\/wp-json\/wp\/v2\/categories?post=87940"},{"taxonomy":"post_tag","embeddable":true,"href":"https:\/\/ps-fr.ch\/de\/wp-json\/wp\/v2\/tags?post=87940"},{"taxonomy":"cpt-channel","embeddable":true,"href":"https:\/\/ps-fr.ch\/de\/wp-json\/wp\/v2\/cpt-channel?post=87940"}],"curies":[{"name":"wp","href":"https:\/\/api.w.org\/{rel}","templated":true}]}}