{"id":88351,"date":"2026-04-29T13:58:10","date_gmt":"2026-04-29T11:58:10","guid":{"rendered":"https:\/\/ps-fr.ch\/?p=88351"},"modified":"2026-04-29T13:58:11","modified_gmt":"2026-04-29T11:58:11","slug":"une-gifle-de-la-population-a-la-politique-dausterite-du-conseil-detat","status":"publish","type":"post","link":"https:\/\/ps-fr.ch\/de\/blog\/2026\/04\/29\/une-gifle-de-la-population-a-la-politique-dausterite-du-conseil-detat\/","title":{"rendered":"Une gifle de la population \u00e0 la politique d&#8217;aust\u00e9rit\u00e9 du Conseil d&#8217;Etat !"},"content":{"rendered":"\n<p><strong><em><strong><em>La population fribourgeoise a adress\u00e9 un rejet clair et sans appel \u00e0 la politique d\u2019aust\u00e9rit\u00e9 men\u00e9e ces derni\u00e8res ann\u00e9es par le Conseil d\u2019\u00c9tat en balyant la LAFE. Par ce vote, elle dit stop au sous-financement de l\u2019Etat et de ses prestations, au profit de privil\u00e8ges fiscaux accord\u00e9s ailleurs. Ce r\u00e9sultat marque un d\u00e9saveu net pour un Conseil d\u2019Etat mis en \u00e9chec sur tous ses projets prioritaires d\u2019envergure. La population appelle d\u00e9sormais \u00e0 un changement de cap, fait de justice et de solidarit\u00e9, et \u00e0 un r\u00e9\u00e9quilibrage politique &#8211; une alternative que le Parti socialiste pr\u00e9sentera d\u00e8s cet automne.<\/em><\/strong><\/em><\/strong><\/p>\n\n\n\n<p>Depuis vingt ans, le m\u00eame sch\u00e9ma se r\u00e9p\u00e8te dans le canton de Fribourg : la majorit\u00e9 de droite au pouvoir accorde des baisses d\u2019imp\u00f4ts aux plus fortun\u00e9s, puis impose des \u00e9conomies lorsque les finances se d\u00e9gradent, afin de poursuivre co\u00fbte que co\u00fbte sa politique fiscale. En rejetant aujourd\u2019hui la LAFE, la population a refus\u00e9 d\u2019en payer la facture. Elle a clairement compris que sa qualit\u00e9 de vie et ses prestations \u00e9taient en jeu&nbsp;: cr\u00e8ches, transports publics, EMS ou encore de possibles futures coupes dans les prestations communales.<\/p>\n\n\n\n<p>Ce vote envoie \u00e9galement un signal fort pour l\u2019avenir : face aux d\u00e9fis d\u00e9mographiques et au vieillissement de la population, il est indispensable d\u2019investir dans des prestations de qualit\u00e9. Le Conseil d\u2019Etat doit tourner la page d\u2019une politique d\u2019aust\u00e9rit\u00e9 qui a d\u00e9j\u00e0 caus\u00e9 trop de d\u00e9g\u00e2ts dans le canton. Respecter la volont\u00e9 populaire et le verdict des urnes implique aussi de renoncer \u00e0 l\u2019ensemble des mesures relevant de sa comp\u00e9tence contenue dans le PAFE &#8211; un projet toujours pr\u00e9sent\u00e9 comme un paquet global et coh\u00e9rent, mais qui ne dispose aujourd\u2019hui plus d\u2019aucune l\u00e9gitimit\u00e9. Le Conseil doit d\u00e9sormais privil\u00e9gier le consensus en revenant sur les propositions constructives d\u00e9pos\u00e9es par le PS dans le cadre des d\u00e9bats.<\/p>\n\n\n\n<p>La d\u00e9b\u00e2cle du Conseil d\u2019Etat est un miroir de sa l\u00e9gislature o\u00f9 il a \u00e9t\u00e9 d\u00e9savou\u00e9 sur tous les projets prioritaires d\u2019envergure&nbsp;: d\u2019abord le DETTEC, ensuite la strat\u00e9gie num\u00e9rique, puis aujourd\u2019hui le PAFE. Le Parti socialiste se tient aux c\u00f4t\u00e9s de la population, en rupture claire avec cette politique d\u2019aust\u00e9rit\u00e9, et pr\u00e9sentera cet automne une alternative fond\u00e9e sur la solidarit\u00e9 et la justice.<\/p>\n\n\n\n<p><\/p>\n","protected":false},"excerpt":{"rendered":"<p>La population fribourgeoise a adress\u00e9 un rejet clair et sans appel \u00e0 la politique d\u2019aust\u00e9rit\u00e9 men\u00e9e ces derni\u00e8res ann\u00e9es par le Conseil d\u2019\u00c9tat en balyant la LAFE. Par ce vote, [&hellip;]<\/p>\n","protected":false},"author":9,"featured_media":0,"comment_status":"closed","ping_status":"closed","sticky":false,"template":"","format":"standard","meta":{"footnotes":""},"categories":[2],"tags":[],"cpt-channel":[2747],"class_list":["post-88351","post","type-post","status-publish","format-standard","hentry","category-non-classifiee","cpt-channel-communiques-de-presse"],"_links":{"self":[{"href":"https:\/\/ps-fr.ch\/de\/wp-json\/wp\/v2\/posts\/88351","targetHints":{"allow":["GET"]}}],"collection":[{"href":"https:\/\/ps-fr.ch\/de\/wp-json\/wp\/v2\/posts"}],"about":[{"href":"https:\/\/ps-fr.ch\/de\/wp-json\/wp\/v2\/types\/post"}],"author":[{"embeddable":true,"href":"https:\/\/ps-fr.ch\/de\/wp-json\/wp\/v2\/users\/9"}],"replies":[{"embeddable":true,"href":"https:\/\/ps-fr.ch\/de\/wp-json\/wp\/v2\/comments?post=88351"}],"version-history":[{"count":1,"href":"https:\/\/ps-fr.ch\/de\/wp-json\/wp\/v2\/posts\/88351\/revisions"}],"predecessor-version":[{"id":88352,"href":"https:\/\/ps-fr.ch\/de\/wp-json\/wp\/v2\/posts\/88351\/revisions\/88352"}],"wp:attachment":[{"href":"https:\/\/ps-fr.ch\/de\/wp-json\/wp\/v2\/media?parent=88351"}],"wp:term":[{"taxonomy":"category","embeddable":true,"href":"https:\/\/ps-fr.ch\/de\/wp-json\/wp\/v2\/categories?post=88351"},{"taxonomy":"post_tag","embeddable":true,"href":"https:\/\/ps-fr.ch\/de\/wp-json\/wp\/v2\/tags?post=88351"},{"taxonomy":"cpt-channel","embeddable":true,"href":"https:\/\/ps-fr.ch\/de\/wp-json\/wp\/v2\/cpt-channel?post=88351"}],"curies":[{"name":"wp","href":"https:\/\/api.w.org\/{rel}","templated":true}]}}